{"id":448,"date":"2023-05-14T21:37:09","date_gmt":"2023-05-14T19:37:09","guid":{"rendered":"https:\/\/www.sandland.de\/liederkranz\/?p=448"},"modified":"2023-05-27T22:10:10","modified_gmt":"2023-05-27T20:10:10","slug":"gluecksmomente-nach-langer-pause","status":"publish","type":"post","link":"https:\/\/www.sandland.de\/liederkranz\/?p=448","title":{"rendered":"Gl\u00fccksmomente nach langer Pause"},"content":{"rendered":"\n<p><strong><em>Der Liederkranz Hellershof kn\u00fcpft mit seiner Jahresfeier an die alten<br>Erfolge an<\/em><\/strong><\/p>\n\n\n\n<p><strong>Kaisersbach.<\/strong><br>Einen \u201egrandiosen Abend\u201c w\u00fcnschte Katja Frank, Vorsitzende des Liederkranzes Hellershof, dem Publikum der Jahresfeier. Tats\u00e4chlich erlebten die Besucher an beiden Abenden in der Gemeindehalle Kaisersbach viele Gl\u00fccksmomente.<br>Eine bunte Mischung unterschiedlicher Musikrichtungen unter dem Motto \u201eLife is a song\u201c mit pfiffiger Dekoration wie unz\u00e4hliger Schallplatten, dazu spritzige und leckere K\u00f6stlichkeiten an zwei Bars im Foyer \u00fcberraschten die Hundertschaften der Fans. Wer bei den Darbietungen auf der B\u00fchne noch mehr Appetit bekam, konnte sich an den schmackhaften Angeboten aus der K\u00fcche laben. Damit setzte der umtriebige Verein um, was der Schlagerstar Howard Carpendale j\u00fcngst in einem Interview vorgab: \u201eDrei Stunden ablenken von dem ganzen Mist, der auf der Welt ist.\u201c<br>Drei Jahre lang musste die \u201eEintracht\u201c wegen Corona pausieren. Jetzt lie\u00dfen die Amateure bei ihrem Fest f\u00fcr alle Sinne die unb\u00e4ndige Freude sp\u00fcren, wieder an die alten Erfolge ankn\u00fcpfen zu k\u00f6nnen. Auch wenn das Konzept seit einem halben Jahrhundert gleich ist, die Details der Umsetzung werden immer wieder neu gemischt und zeitgem\u00e4\u00df variiert. Der Chor der 20 M\u00e4nner, begleitet seit 23 Jahren von Bernd B\u00fcttner am Clavinova, trat erstmals mit seinem neuen Leiter Oliver Geiger auf. Als w\u00e4re es das Motto ihres Lebens, stimmten sie zuerst \u201eMit Musik geht alles besser\u201c an. Geradezu frenetisch fiel der Applaus aus, als das istrische Volkslied \u201eLa mula de Parenzo\u201c sogar in der Landessprache \u00e4u\u00dferst schmissig interpretiert wurde.<br>Der neue Dirigent war mit seinem Programmblock, zu dem popul\u00e4re Filmmelodien geh\u00f6rten, sehr zufrieden. \u201eWichtig ist mir, dass es uns auf der B\u00fchne Freude macht, dann springt der Funke \u00fcber \u2013 das hat prima geklappt\u201c, sagte Oliver Geiger danach. Der Gschwender B\u00fcrgermeister Christoph Hald gratulierte ihm \u00fcberschw\u00e4nglich: \u201eDas war geil!\u201c<br>In Abwandlung eines Sprichworts wurde das Publikum bei der Show der gemischten Singgruppe immer wieder zum Mitmachen animiert: \u201eReden ist Silber, Singen ist Gold.\u201c<br>Vielf\u00e4ltiger denn je fiel die Auswahl meist am\u00fcsanter, aber auch nachdenklich stimmender Lieder aus, von \u201eProbier\u2019s mal mit Gem\u00fctlichkeit\u201c aus dem Dschungelbuch bis zum mitrei\u00dfenden \u201eHey, was geht ab\u201c; nat\u00fcrlich durfte eine rockige Nummer von Andreas Gabalier nicht fehlen \u2013 \u201eVerdammt lang her\u201c.<br>\u201eDie kleine Kneipe\u201c von Peter Alexander aus dem Jahr 1976 und \u201eMarmor, Stein und Eisen bricht\u201c von Drafi Deutscher aus dem Jahr 1965 konnten viele Stammg\u00e4ste textsicher mitsingen. Bei dem Medley von Karel Gott waren die \u00c4lteren meist im Vorteil. Dagegen waren die gr\u00f6\u00dften Hits von Roland Kaiser auch den J\u00fcngeren ein Begriff. <\/p>\n\n\n\n<figure class=\"wp-block-image size-large\"><img loading=\"lazy\" decoding=\"async\" width=\"1024\" height=\"684\" src=\"https:\/\/www.sandland.de\/liederkranz\/wp-content\/uploads\/2023\/05\/Jahresfeier_2023_Maennerchor-1024x684.jpg\" alt=\"M\u00e4nnerchor\" class=\"wp-image-451\" srcset=\"https:\/\/www.sandland.de\/liederkranz\/wp-content\/uploads\/2023\/05\/Jahresfeier_2023_Maennerchor-1024x684.jpg 1024w, https:\/\/www.sandland.de\/liederkranz\/wp-content\/uploads\/2023\/05\/Jahresfeier_2023_Maennerchor-300x200.jpg 300w, https:\/\/www.sandland.de\/liederkranz\/wp-content\/uploads\/2023\/05\/Jahresfeier_2023_Maennerchor-768x513.jpg 768w, https:\/\/www.sandland.de\/liederkranz\/wp-content\/uploads\/2023\/05\/Jahresfeier_2023_Maennerchor-1536x1026.jpg 1536w, https:\/\/www.sandland.de\/liederkranz\/wp-content\/uploads\/2023\/05\/Jahresfeier_2023_Maennerchor-2048x1368.jpg 2048w, https:\/\/www.sandland.de\/liederkranz\/wp-content\/uploads\/2023\/05\/Jahresfeier_2023_Maennerchor-1568x1047.jpg 1568w\" sizes=\"auto, (max-width: 1024px) 100vw, 1024px\" \/><figcaption class=\"wp-element-caption\">M\u00e4nnerchor<\/figcaption><\/figure>\n\n\n\n<p>Hierbei konnte sich Patrizia Sozzi nach mehrj\u00e4hriger Pause wieder optimal in Szene setzen. Ganz neu zum Ensemble stie\u00df Tina Schlechter, S\u00e4ngerin und Schauspielerin aus Alfdorf. Sie freute sich nicht allein \u00fcber ihren eigenen Erfolg, sondern auch \u00fcber die Leistung der Amateure: \u201eEs war voll sch\u00f6n, genau wie bei den Profis.\u201c Zusammen mit Aylin Dei\u00df rissen damit gleich drei stimmgewaltige Frauen die Fans von den St\u00fchlen.<br>Premiere feierte auch der un\u00fcberseh- und un\u00fcberh\u00f6rbare Sascha Wahl, der offenbar seinen eigenen Fanclub mitgebracht hatte. Zusammen mit den Instrumentalisten um den musikalischen Leiter Martin Fordinal legten sich alle Akteure voller Begeisterung ins Zeug. Selbst beim raschen Kleiderwechsel konnten sie mit Helene Fischer mithalten. Das Mehrgenerationen-Team bewies eindr\u00fccklich, dass es mit der fulminanten Leistung dem Publikum, aber auch sich selbst den versprochenen \u201egrandiosen Abend\u201c bescherte.<br>hgf<\/p>\n\n\n\n<figure class=\"wp-block-image size-large\"><img loading=\"lazy\" decoding=\"async\" width=\"1024\" height=\"684\" src=\"https:\/\/www.sandland.de\/liederkranz\/wp-content\/uploads\/2023\/05\/Jahresfeier_2023_Tina_und_Hardi_red-3-1024x684.jpg\" alt=\"\" class=\"wp-image-458\" srcset=\"https:\/\/www.sandland.de\/liederkranz\/wp-content\/uploads\/2023\/05\/Jahresfeier_2023_Tina_und_Hardi_red-3-1024x684.jpg 1024w, https:\/\/www.sandland.de\/liederkranz\/wp-content\/uploads\/2023\/05\/Jahresfeier_2023_Tina_und_Hardi_red-3-300x200.jpg 300w, https:\/\/www.sandland.de\/liederkranz\/wp-content\/uploads\/2023\/05\/Jahresfeier_2023_Tina_und_Hardi_red-3-768x513.jpg 768w, https:\/\/www.sandland.de\/liederkranz\/wp-content\/uploads\/2023\/05\/Jahresfeier_2023_Tina_und_Hardi_red-3-1536x1026.jpg 1536w, https:\/\/www.sandland.de\/liederkranz\/wp-content\/uploads\/2023\/05\/Jahresfeier_2023_Tina_und_Hardi_red-3-2048x1368.jpg 2048w, https:\/\/www.sandland.de\/liederkranz\/wp-content\/uploads\/2023\/05\/Jahresfeier_2023_Tina_und_Hardi_red-3-1568x1047.jpg 1568w\" sizes=\"auto, (max-width: 1024px) 100vw, 1024px\" \/><\/figure>\n\n\n\n<p><strong>Die Mitwirkenden<\/strong><br>Den M\u00e4nnerchor leitete Oliver Geiger, Instrumentalbegleitung Martin B\u00fcttner und Lukas Dreher. Die Singgruppe bestand aus Aylin Dei\u00df, Katja Frank, Linda Hudelmaier, Tina Schlechter, Patrizia Sozzi, Monika Weller, G\u00fcnther Frank, Hardi, Hermann, Carl und Martin H\u00e4nle, Christopher Macchini, Sascha Wahl, Bernd Weller.<br>Musiker: Amadeus Bauer, Heinz Br\u00fcckner, Lukas Dreher, Martin Fordinal, Hardi H\u00e4nle, Karin und Heribert Schwenger.<\/p>\n\n\n\n<figure class=\"wp-block-image size-full\"><img loading=\"lazy\" decoding=\"async\" width=\"1024\" height=\"684\" src=\"https:\/\/www.sandland.de\/liederkranz\/wp-content\/uploads\/2023\/05\/Jahresfeier_2023_Singgruppe_red.jpg\" alt=\"\" class=\"wp-image-456\" srcset=\"https:\/\/www.sandland.de\/liederkranz\/wp-content\/uploads\/2023\/05\/Jahresfeier_2023_Singgruppe_red.jpg 1024w, https:\/\/www.sandland.de\/liederkranz\/wp-content\/uploads\/2023\/05\/Jahresfeier_2023_Singgruppe_red-300x200.jpg 300w, https:\/\/www.sandland.de\/liederkranz\/wp-content\/uploads\/2023\/05\/Jahresfeier_2023_Singgruppe_red-768x513.jpg 768w\" sizes=\"auto, (max-width: 1024px) 100vw, 1024px\" \/><\/figure>\n","protected":false},"excerpt":{"rendered":"<p>Der Liederkranz Hellershof kn\u00fcpft mit seiner Jahresfeier an die altenErfolge an Kaisersbach.Einen \u201egrandiosen Abend\u201c w\u00fcnschte Katja Frank, Vorsitzende des Liederkranzes Hellershof, dem Publikum der Jahresfeier. Tats\u00e4chlich erlebten die Besucher an beiden Abenden in der Gemeindehalle Kaisersbach viele Gl\u00fccksmomente.Eine bunte Mischung unterschiedlicher Musikrichtungen unter dem Motto \u201eLife is a song\u201c mit pfiffiger Dekoration wie unz\u00e4hliger Schallplatten, &hellip; <\/p>\n<p class=\"link-more\"><a href=\"https:\/\/www.sandland.de\/liederkranz\/?p=448\" class=\"more-link\"><span class=\"screen-reader-text\">\u201eGl\u00fccksmomente nach langer Pause\u201c <\/span>weiterlesen<\/a><\/p>\n","protected":false},"author":2,"featured_media":0,"comment_status":"closed","ping_status":"closed","sticky":false,"template":"","format":"standard","meta":{"footnotes":""},"categories":[1],"tags":[16,11],"class_list":["post-448","post","type-post","status-publish","format-standard","hentry","category-allgemeines","tag-16","tag-jahresfeier","entry"],"_links":{"self":[{"href":"https:\/\/www.sandland.de\/liederkranz\/index.php?rest_route=\/wp\/v2\/posts\/448","targetHints":{"allow":["GET"]}}],"collection":[{"href":"https:\/\/www.sandland.de\/liederkranz\/index.php?rest_route=\/wp\/v2\/posts"}],"about":[{"href":"https:\/\/www.sandland.de\/liederkranz\/index.php?rest_route=\/wp\/v2\/types\/post"}],"author":[{"embeddable":true,"href":"https:\/\/www.sandland.de\/liederkranz\/index.php?rest_route=\/wp\/v2\/users\/2"}],"replies":[{"embeddable":true,"href":"https:\/\/www.sandland.de\/liederkranz\/index.php?rest_route=%2Fwp%2Fv2%2Fcomments&post=448"}],"version-history":[{"count":9,"href":"https:\/\/www.sandland.de\/liederkranz\/index.php?rest_route=\/wp\/v2\/posts\/448\/revisions"}],"predecessor-version":[{"id":470,"href":"https:\/\/www.sandland.de\/liederkranz\/index.php?rest_route=\/wp\/v2\/posts\/448\/revisions\/470"}],"wp:attachment":[{"href":"https:\/\/www.sandland.de\/liederkranz\/index.php?rest_route=%2Fwp%2Fv2%2Fmedia&parent=448"}],"wp:term":[{"taxonomy":"category","embeddable":true,"href":"https:\/\/www.sandland.de\/liederkranz\/index.php?rest_route=%2Fwp%2Fv2%2Fcategories&post=448"},{"taxonomy":"post_tag","embeddable":true,"href":"https:\/\/www.sandland.de\/liederkranz\/index.php?rest_route=%2Fwp%2Fv2%2Ftags&post=448"}],"curies":[{"name":"wp","href":"https:\/\/api.w.org\/{rel}","templated":true}]}}