{"id":382,"date":"2019-02-03T14:26:22","date_gmt":"2019-02-03T12:26:22","guid":{"rendered":"https:\/\/www.sandland.de\/liederkranz\/?p=382"},"modified":"2019-02-03T14:31:13","modified_gmt":"2019-02-03T12:31:13","slug":"junge-stimmen-beim-traditionschor","status":"publish","type":"post","link":"https:\/\/www.sandland.de\/liederkranz\/?p=382","title":{"rendered":"Junge Stimmen beim Traditionschor"},"content":{"rendered":"\n<h4 class=\"wp-block-heading\"> Hellershofer Gesangverein r\u00fcstet sich mit geselligem Familienabend f\u00fcr die neuen Aufgaben<\/h4>\n\n\n\n<p><em>Von unserem Korrespondenten Hans Georg Frank<\/em><\/p>\n\n\n\n<p>Mit einem leidenschaftlichen Appell der Vorsitzenden Katja Frank startete der Hellershofer Gesangverein ins 120. Jahr seines Bestehens. \u201eLasst uns an einem Strang ziehen!  Bereichert das Vereinsleben! Lasst uns die Dinge gemeinsam umsetzen!\u201c Mit einer solchen Motivation sei ihr um die Zukunft des Liederkranzes nicht bange, betonte sie beim traditionellen Familienabend in der Gastst\u00e4tte am Hagerwaldsee.<br>\nDiese gem\u00fctliche Zusammenkunft zum Beginn des Jahres geh\u00f6rt seit \u00fcber einem halben Jahrhundert zu den sorgsam gepflegten Ritualen der \u201eEintracht\u201c, die aus einem 1899 gegr\u00fcndeten Kirchenchor hervorgegangen ist. Das gemeinsame Essen in geselliger Runde soll den internen Zusammenhalt st\u00e4rken und zugleich die Bedeutung der famili\u00e4ren Beziehungen hervorheben. Der stets leckere Rehbraten soll aber auch Kr\u00e4fte mobilisieren f\u00fcr die neuen Herausforderungen.<br>\nDazu geh\u00f6rt auch in diesem Jahr die popul\u00e4re Jahresfeier mit zwei Terminen am Wochenende nach Ostern in der Gemeindehalle Kaisersbach. Zwar wird noch geheim gehalten, unter welchem Thema das beliebte Unterhaltungsprogramm stehen wird, doch es sickerte schon durch, dass eine \u201eWohlf\u00fchlgarantie\u201c gegeben werden soll. Die Proben haben bereits begonnen. Chorleiterin Cosima Hermann studiert mit den M\u00e4nnern haupts\u00e4chlich neue Lieder ein. Auch die Damen und Herren der Singgruppe treffen sich regelm\u00e4\u00dfig nach Feierabend, um an die fr\u00fcheren Erfolge ankn\u00fcpfen zu k\u00f6nnen. Der Beginn des Vorverkaufs der begehrten Eintrittskarten steht fest: 31. M\u00e4rz.<br>\nDie seit Mai 2017 amtierende \u201eEintracht\u201c-Chefin zeichnete in ihrer Rede eine positive Perspektive des Vereins. Daf\u00fcr machte Katja Frank auch die Arbeit der erst 21 Jahre alten Chorleiterin Cosima Hermann verantwortlich. Die Jura-Studentin aus T\u00fcbingen nimmt seit Herbst 2017 die weite Fahrt ins Sandland auf sich, um mit den Ten\u00f6ren und B\u00e4ssen die stimmliche und musikalische Ausbildung zu optimieren. \u201eMir macht das immer noch gro\u00dfen Spa\u00df\u201c, sagte die Dirigentin. \u201eSie macht eine hervorragende Arbeit, wir alle sind begeistert\u201c, stellte Frank unter Beifall fest.<br>\nW\u00e4hrend viele M\u00e4nnergesangvereine vor allem in l\u00e4ndlichen Gebieten ums \u00dcberleben k\u00e4mpfen und manche mangels Nachwuchs sogar aufgeben m\u00fcssen, gelang dem Hellershofer Liederkranz eine weitere Verj\u00fcngung. Die Vorsitzende stellte zwei neue S\u00e4nger vor, die den Altersschnitt betr\u00e4chtlich senken: Christian Banzhaf (20) wurde als Gast bei der Jahresfeier mit dem \u201eEintracht\u201c-Virus infiziert, Sascha Weller (28) folgt dem Vorbild seines Vaters Bernd, der seit Jahrzehnten eine St\u00fctze der Gemeinschaft ist.<br>\nDer Generationenwechsel an der Spitze hat sich offensichtlich bew\u00e4hrt. \u201eWir sind ein gutes Team\u201c, stellte der stellvertretende Vorsitzende Christopher Macchini fest. In aller Bescheidenheit betonte er auch, \u201eohne Katja h\u00e4tten wir den Verein nicht weiterf\u00fchren k\u00f6nnen\u201c. Bei der Organisation vertrauen die Eventmanagerin und der Sprachschulleiter auf zeitgem\u00e4\u00dfe Kommunikationsmittel wie WhatsApp, was trotz etlicher Funkl\u00f6cher prima funktioniert.<\/p>\n","protected":false},"excerpt":{"rendered":"<p>Hellershofer Gesangverein r\u00fcstet sich mit geselligem Familienabend f\u00fcr die neuen Aufgaben Von unserem Korrespondenten Hans Georg Frank Mit einem leidenschaftlichen Appell der Vorsitzenden Katja Frank startete der Hellershofer Gesangverein ins 120. Jahr seines Bestehens. \u201eLasst uns an einem Strang ziehen! Bereichert das Vereinsleben! Lasst uns die Dinge gemeinsam umsetzen!\u201c Mit einer solchen Motivation sei ihr &hellip; <\/p>\n<p class=\"link-more\"><a href=\"https:\/\/www.sandland.de\/liederkranz\/?p=382\" class=\"more-link\"><span class=\"screen-reader-text\">\u201eJunge Stimmen beim Traditionschor\u201c <\/span>weiterlesen<\/a><\/p>\n","protected":false},"author":2,"featured_media":0,"comment_status":"closed","ping_status":"closed","sticky":false,"template":"","format":"standard","meta":{"footnotes":""},"categories":[1],"tags":[],"class_list":["post-382","post","type-post","status-publish","format-standard","hentry","category-allgemeines","entry"],"_links":{"self":[{"href":"https:\/\/www.sandland.de\/liederkranz\/index.php?rest_route=\/wp\/v2\/posts\/382","targetHints":{"allow":["GET"]}}],"collection":[{"href":"https:\/\/www.sandland.de\/liederkranz\/index.php?rest_route=\/wp\/v2\/posts"}],"about":[{"href":"https:\/\/www.sandland.de\/liederkranz\/index.php?rest_route=\/wp\/v2\/types\/post"}],"author":[{"embeddable":true,"href":"https:\/\/www.sandland.de\/liederkranz\/index.php?rest_route=\/wp\/v2\/users\/2"}],"replies":[{"embeddable":true,"href":"https:\/\/www.sandland.de\/liederkranz\/index.php?rest_route=%2Fwp%2Fv2%2Fcomments&post=382"}],"version-history":[{"count":2,"href":"https:\/\/www.sandland.de\/liederkranz\/index.php?rest_route=\/wp\/v2\/posts\/382\/revisions"}],"predecessor-version":[{"id":385,"href":"https:\/\/www.sandland.de\/liederkranz\/index.php?rest_route=\/wp\/v2\/posts\/382\/revisions\/385"}],"wp:attachment":[{"href":"https:\/\/www.sandland.de\/liederkranz\/index.php?rest_route=%2Fwp%2Fv2%2Fmedia&parent=382"}],"wp:term":[{"taxonomy":"category","embeddable":true,"href":"https:\/\/www.sandland.de\/liederkranz\/index.php?rest_route=%2Fwp%2Fv2%2Fcategories&post=382"},{"taxonomy":"post_tag","embeddable":true,"href":"https:\/\/www.sandland.de\/liederkranz\/index.php?rest_route=%2Fwp%2Fv2%2Ftags&post=382"}],"curies":[{"name":"wp","href":"https:\/\/api.w.org\/{rel}","templated":true}]}}